{"id":133,"date":"2020-08-27T11:06:38","date_gmt":"2020-08-27T14:06:38","guid":{"rendered":"https:\/\/demonstre.com\/fotografia\/?p=133"},"modified":"2022-01-01T16:40:57","modified_gmt":"2022-01-01T19:40:57","slug":"exposicao-da-foto","status":"publish","type":"post","link":"https:\/\/demonstre.com\/fotografia\/exposicao-da-foto\/","title":{"rendered":"A Exposi\u00e7\u00e3o da Foto &#8211; Cap\u00edtulo 2"},"content":{"rendered":"\n<p>Nesse Post vamos da continuidade ao m\u00f3dulo b\u00e1sico de fotografia, veja agora o que voc\u00ea precisa saber sobre a exposi\u00e7\u00e3o.<\/p>\n\n\n\n<p>Exposi\u00e7\u00e3o \u00e9 a quantidade de luz que usamos para formar uma foto. Tudo o que vemos reflete a luz. O princ\u00edpio de funcionamento de uma c\u00e2mera \u00e9 semelhante ao do olho humano. N\u00f3s absorvemos as cores e o brilho presentes em um determinado ambiente, para que possamos distinguir diferentes formas, cores e tamanhos.<\/p>\n\n\n\n<p>\u00c9 com base neste princ\u00edpio que a fotografia foi inventada. As cores escuras (como o preto) absorvem mais luz e as cores escuras (como o branco) refletem mais luz.<\/p>\n\n\n\n<div class=\"wp-block-image\"><figure class=\"aligncenter size-large\"><img loading=\"lazy\" decoding=\"async\" width=\"1024\" height=\"768\" src=\"https:\/\/demonstre.com\/fotografia\/wp-content\/uploads\/2020\/08\/4683-1024x768.jpg\" alt=\"exposi\u00e7\u00e3o da foto\" class=\"wp-image-165\" srcset=\"https:\/\/demonstre.com\/fotografia\/wp-content\/uploads\/2020\/08\/4683-1024x768.jpg 1024w, https:\/\/demonstre.com\/fotografia\/wp-content\/uploads\/2020\/08\/4683-300x225.jpg 300w, https:\/\/demonstre.com\/fotografia\/wp-content\/uploads\/2020\/08\/4683-768x576.jpg 768w, https:\/\/demonstre.com\/fotografia\/wp-content\/uploads\/2020\/08\/4683-1536x1152.jpg 1536w, https:\/\/demonstre.com\/fotografia\/wp-content\/uploads\/2020\/08\/4683-2048x1536.jpg 2048w\" sizes=\"(max-width: 1024px) 100vw, 1024px\" \/><figcaption>exposi\u00e7\u00e3o da foto<\/figcaption><\/figure><\/div>\n\n\n\n<p>Tente colocar uma fonte de luz (l\u00e2mpada, lanterna, qualquer fonte de luz) na frente de um local preto, por exemplo, e depois na frente de um local branco. Voc\u00ea ver\u00e1 que o local branco refletir\u00e1 mais luz.<\/p>\n\n\n\n<p> O princ\u00edpio de reflex\u00e3o da luz \u00e9 o mesmo usado nos rebatedores e vamos estud\u00e1-lo mais tarde.<\/p>\n\n\n\n<p>Imagine que a luz se divide em pequenos peda\u00e7os. Cada peda\u00e7o carrega um pouco de informa\u00e7\u00e3o sobre se deve ser clara ou escura e de que cor deve ser. <\/p>\n\n\n\n<p>Para n\u00f3s humanos, absorvemos essas informa\u00e7\u00f5es por meio de nossos olhos e as interpretamos por meio de nossos c\u00e9rebros, enquanto, para as c\u00e2meras,  os olhos s\u00e3o as lentes e o c\u00e9rebro s\u00e3o os sensores. Posteriormente, entenderemos melhor o seu significado e a finalidade do sensor, por enquanto, tente imagin\u00e1-lo como o c\u00e9rebro de uma c\u00e2mera.<\/p>\n\n\n\n<h2 class=\"has-text-align-center wp-block-heading\">Como saber a exposi\u00e7\u00e3o adequada<\/h2>\n\n\n\n<p>Para criarmos uma foto, devemos deixar uma certa quantidade de luz entrar no sensor dentro de um certo per\u00edodo de tempo. Para obter bons resultados, a luz deve ser medida da maneira correta, nem muito pouco, nem muito exageradamente.<\/p>\n\n\n\n<p>Se a foto for muito clara, \u00e9 chamada de superexposta; se for muito escura, \u00e9 chamada de subexposta. \u00c0s vezes, podemos usar esses fatores para criar efeitos de ilumina\u00e7\u00e3o criativos para determinados temas, mas em geral, especialmente para pessoas que est\u00e3o apenas come\u00e7ando, o objetivo principal \u00e9 equilibrar a quantidade de luz.<\/p>\n\n\n\n<figure class=\"wp-block-image size-large\"><img loading=\"lazy\" decoding=\"async\" width=\"1024\" height=\"1024\" src=\"https:\/\/demonstre.com\/fotografia\/wp-content\/uploads\/2020\/08\/PCBCGY0-1024x1024.jpg\" alt=\"\" class=\"wp-image-166\" srcset=\"https:\/\/demonstre.com\/fotografia\/wp-content\/uploads\/2020\/08\/PCBCGY0-1024x1024.jpg 1024w, https:\/\/demonstre.com\/fotografia\/wp-content\/uploads\/2020\/08\/PCBCGY0-300x300.jpg 300w, https:\/\/demonstre.com\/fotografia\/wp-content\/uploads\/2020\/08\/PCBCGY0-150x150.jpg 150w, https:\/\/demonstre.com\/fotografia\/wp-content\/uploads\/2020\/08\/PCBCGY0-768x768.jpg 768w, https:\/\/demonstre.com\/fotografia\/wp-content\/uploads\/2020\/08\/PCBCGY0-1536x1536.jpg 1536w, https:\/\/demonstre.com\/fotografia\/wp-content\/uploads\/2020\/08\/PCBCGY0-2048x2048.jpg 2048w\" sizes=\"(max-width: 1024px) 100vw, 1024px\" \/><figcaption>exposi\u00e7\u00e3o da foto como deve ser<\/figcaption><\/figure>\n\n\n\n<p>A exposi\u00e7\u00e3o \u00e9 baseada em tr\u00eas fatores:<\/p>\n\n\n\n<ul><li><strong><em>Abertura; <\/em><\/strong><\/li><li><strong><em>velocidade do obturador; <\/em><\/strong><\/li><li><strong><em>Sensibilidade ISO. <\/em><\/strong><\/li><\/ul>\n\n\n\n<p>Vamos entender todos esses fatores nos pr\u00f3ximos cap\u00edtulos. Voc\u00ea pode se perguntar &#8220;mas como fa\u00e7o para saber se a foto est\u00e1 bem exposta, sempre eu for fotografar tenho que dar uma olhada depois?&#8221;.<\/p>\n\n\n\n<p>Caso voc\u00ea tenha essa d\u00favida, n\u00e3o precisa se preocupar, pois n\u00e3o precisa verificar toda vez que tirar uma foto. Todas as c\u00e2meras digitais atualmente, possuem um mecanismo interno que recebe o nome de fot\u00f4metro. <\/p>\n\n\n\n<p>O fot\u00f4metro mede com precis\u00e3o a luz necess\u00e1ria para criar a exposi\u00e7\u00e3o correta em tempo real, hoje em dia est\u00e1 tudo muito mais pr\u00e1tico.<\/p>\n\n\n\n<p>As c\u00e2meras compactas simples j\u00e1 vem com todas ou quase todas as fun\u00e7\u00f5es de ajuste autom\u00e1tico na maioria dos casos,  sendo assim, geralmente elas  n\u00e3o exibem a r\u00e9gua de medi\u00e7\u00e3o do fot\u00f4metro na tela, e pode n\u00e3o adicionar detalhes.<\/p>\n\n\n\n<p> Eles s\u00f3 confundem a pessoa que deseja tirar fotos sem se preocupar com os detalhes, detalhes estes que se fossem adicionados, s\u00f3 iriam atrapalhar e talvez at\u00e9 fazer a pessoa desistir de tirar a foto.<\/p>\n\n\n\n<p>Por outro lado, c\u00e2meras mais avan\u00e7adas que podem ser ajustadas manualmente, exibir\u00e3o essa r\u00e9gua. Cada c\u00e2mera tem uma lente diferente, mas, em geral, \u00e9 assim.<\/p>\n\n\n\n<div class=\"wp-block-image\"><figure class=\"aligncenter size-large\"><img loading=\"lazy\" decoding=\"async\" width=\"1024\" height=\"683\" src=\"https:\/\/demonstre.com\/fotografia\/wp-content\/uploads\/2020\/08\/1345-1024x683.jpg\" alt=\"\" class=\"wp-image-169\" srcset=\"https:\/\/demonstre.com\/fotografia\/wp-content\/uploads\/2020\/08\/1345-1024x683.jpg 1024w, https:\/\/demonstre.com\/fotografia\/wp-content\/uploads\/2020\/08\/1345-300x200.jpg 300w, https:\/\/demonstre.com\/fotografia\/wp-content\/uploads\/2020\/08\/1345-768x512.jpg 768w, https:\/\/demonstre.com\/fotografia\/wp-content\/uploads\/2020\/08\/1345-1536x1024.jpg 1536w, https:\/\/demonstre.com\/fotografia\/wp-content\/uploads\/2020\/08\/1345-2048x1365.jpg 2048w\" sizes=\"(max-width: 1024px) 100vw, 1024px\" \/><figcaption>exposi\u00e7\u00e3o da foto<\/figcaption><\/figure><\/div>\n\n\n\n<p>O fot\u00f4metro da c\u00e2mera \u00e9 muito preciso, mas ainda n\u00e3o \u00e9 perfeito, por isso n\u00e3o alcan\u00e7ar\u00e1 a exposi\u00e7\u00e3o correta com 100% de efic\u00e1cia sempre. Com base na<a href=\"https:\/\/go.hotmart.com\/D8827757P?dp=1\" class=\"rank-math-link\"> experi\u00eancia<\/a>, podemos produzir exposi\u00e7\u00f5es maiores ou menores de acordo com nossas pr\u00f3prias prefer\u00eancias.<\/p>\n\n\n\n<p>O ret\u00e2ngulo sob a seta parece um escudo e nos mostra o n\u00edvel de exposi\u00e7\u00e3o. Se el ficar no meio, \u00e9 porque a exposi\u00e7\u00e3o est\u00e1 certa, ou seja, a quantidade de luz necess\u00e1ria para fazer a foto \u00e9 excelente. <\/p>\n\n\n\n<p>Se for \u00e0 esquerda, a foto est\u00e1 sub exposta, ou seja, est\u00e1 muito escura; se for \u00e0 direita, a foto est\u00e1 super exposta, ou seja, est\u00e1 muito clara.<\/p>\n\n\n\n<p>Mesmo ap\u00f3s o disparo, a foto pode ser editada em programas de edi\u00e7\u00e3o, mas sempre tente fazer a foto disparada com a exposi\u00e7\u00e3o correta, pois embora esses programas sejam eficazes, nenhum deles \u00e9 perfeito e sempre v\u00e3o precisar de sua ajuda.<\/p>\n\n\n\n<p>Se a foto tiver alcan\u00e7ado a exposi\u00e7\u00e3o correta na pr\u00f3pria c\u00e2mera, ela sempre parecer\u00e1 natural, mas se for preciso fazer a subexposi\u00e7\u00e3o ou superexposi\u00e7\u00e3o, a foto perder\u00e1 as informa\u00e7\u00f5es de cor, por isso \u00e9 dif\u00edcil restaur\u00e1-la por meio de programas de edi\u00e7\u00e3o sem causar uma grande perda de qualidade.<\/p>\n\n\n\n<p>A maioria das c\u00e2meras possui configura\u00e7\u00f5es de medi\u00e7\u00e3o de exposi\u00e7\u00e3o (tamb\u00e9m chamadas de modos de medi\u00e7\u00e3o) que podem tornar sua vida mais f\u00e1cil. Procure saber se voc\u00ea tem esse recurso. Se necess\u00e1rio, leia o manual da c\u00e2mera e aprenda como configur\u00e1-la.<\/p>\n\n\n\n<p>Existem v\u00e1rios tipos de medi\u00e7\u00e3o, como tela inteira, que considera a luz de toda a cena para determinar a exposi\u00e7\u00e3o; medi\u00e7\u00e3o central, que considera a parte do meio da cena, e assim por diante.<\/p>\n\n\n\n<div class=\"wp-block-rank-math-faq-block\"><div class=\"rank-math-faq-item\"><h3 class=\"rank-math-question\">O que \u00e9 exposi\u00e7\u00e3o de fotos?<\/h3><div class=\"rank-math-answer\">Exposi\u00e7\u00e3o \u00e9 a quantidade de luz que o sensor da c\u00e2mera recebe na foto. Quanto maior o tempo de exposi\u00e7\u00e3o, mais luz ser\u00e1 capturada e mais clara ser\u00e1 a cena e vice-versa.<\/div><\/div><div class=\"rank-math-faq-item\"><h3 class=\"rank-math-question\">Quando a exposi\u00e7\u00e3o de uma foto est\u00e1 boa?<\/h3><div class=\"rank-math-answer\">\u00a0Quando atinge o efeito esperado pelo artista.<\/div><\/div><div class=\"rank-math-faq-item\"><h3 class=\"rank-math-question\">O que \u00e9 fot\u00f4metro?<\/h3><div class=\"rank-math-answer\">Um instrumento usado para medir a intensidade de uma fonte de luz.<\/div><\/div><\/div>\n\n\n\n<p>Espero que tenham entendido e gostado desse cap\u00edtulo, nos pr\u00f3ximos cap\u00edtulos teremos mais explica\u00e7\u00f5es. Continue em <a class=\"rank-math-link\" href=\"https:\/\/demonstre.com\/fotografia\/\">nosso site<\/a>.<\/p>\n","protected":false},"excerpt":{"rendered":"<p>Nesse Post vamos da continuidade ao m\u00f3dulo b\u00e1sico de fotografia, veja agora o que voc\u00ea precisa saber sobre a exposi\u00e7\u00e3o. Exposi\u00e7\u00e3o \u00e9 a quantidade de luz que usamos para formar uma foto. Tudo o que vemos reflete a luz. O princ\u00edpio de funcionamento de uma c\u00e2mera \u00e9 semelhante ao do olho humano. N\u00f3s absorvemos as&hellip; <a class=\"more-link\" href=\"https:\/\/demonstre.com\/fotografia\/exposicao-da-foto\/\">Continuar lendo <span class=\"screen-reader-text\">A Exposi\u00e7\u00e3o da Foto &#8211; Cap\u00edtulo 2<\/span><\/a><\/p>\n","protected":false},"author":3,"featured_media":164,"comment_status":"open","ping_status":"open","sticky":false,"template":"","format":"standard","meta":{"footnotes":""},"categories":[1],"tags":[],"_links":{"self":[{"href":"https:\/\/demonstre.com\/fotografia\/wp-json\/wp\/v2\/posts\/133"}],"collection":[{"href":"https:\/\/demonstre.com\/fotografia\/wp-json\/wp\/v2\/posts"}],"about":[{"href":"https:\/\/demonstre.com\/fotografia\/wp-json\/wp\/v2\/types\/post"}],"author":[{"embeddable":true,"href":"https:\/\/demonstre.com\/fotografia\/wp-json\/wp\/v2\/users\/3"}],"replies":[{"embeddable":true,"href":"https:\/\/demonstre.com\/fotografia\/wp-json\/wp\/v2\/comments?post=133"}],"version-history":[{"count":37,"href":"https:\/\/demonstre.com\/fotografia\/wp-json\/wp\/v2\/posts\/133\/revisions"}],"predecessor-version":[{"id":575,"href":"https:\/\/demonstre.com\/fotografia\/wp-json\/wp\/v2\/posts\/133\/revisions\/575"}],"wp:featuredmedia":[{"embeddable":true,"href":"https:\/\/demonstre.com\/fotografia\/wp-json\/wp\/v2\/media\/164"}],"wp:attachment":[{"href":"https:\/\/demonstre.com\/fotografia\/wp-json\/wp\/v2\/media?parent=133"}],"wp:term":[{"taxonomy":"category","embeddable":true,"href":"https:\/\/demonstre.com\/fotografia\/wp-json\/wp\/v2\/categories?post=133"},{"taxonomy":"post_tag","embeddable":true,"href":"https:\/\/demonstre.com\/fotografia\/wp-json\/wp\/v2\/tags?post=133"}],"curies":[{"name":"wp","href":"https:\/\/api.w.org\/{rel}","templated":true}]}}