{"id":242,"date":"2020-08-28T10:14:50","date_gmt":"2020-08-28T13:14:50","guid":{"rendered":"https:\/\/demonstre.com\/fotografia\/?p=242"},"modified":"2022-01-01T16:40:57","modified_gmt":"2022-01-01T19:40:57","slug":"a-sensibilidade-iso","status":"publish","type":"post","link":"https:\/\/demonstre.com\/fotografia\/a-sensibilidade-iso\/","title":{"rendered":"A Sensibilidade ISO &#8211; Cap\u00edtulo 5"},"content":{"rendered":"\n<p>A sensibilidade ISO na hora da foto pode te ajudar em momentos onde a luz \u00e9 fraca e voc\u00ea est\u00e1 pronto para lhe dar com ru\u00eddos na imagem. vamos aprender agora sobre o \u00faltimo dos fatores em que uma exposi\u00e7\u00e3o \u00e9 baseada.<\/p>\n\n\n\n<h2 class=\"wp-block-heading\">A sensibilidade ISO<\/h2>\n\n\n\n<p>Sensibilidade ISO tamb\u00e9m \u00e9 chamado de velocidade  ISO, \u00e9 a medida de sensibilidade do sensor a luz. Algumas vezes, ISO \u00e9 chamado de ASA, como nas c\u00e2meras antigas de filme. <\/p>\n\n\n\n<p>ISO \u00e9 uma abrevia\u00e7\u00e3o de International Organisation Standardisation, uma organiza\u00e7\u00e3o que criou padr\u00f5es para v\u00e1rios tipos de ind\u00fastrias.<\/p>\n\n\n\n<p>Quanto maior o n\u00famero de ISO maior \u00e9 a sensibilidade do sensor a luz, se o valor de ISO configurado for pequeno, mais luz ser\u00e1 exigida para registrar uma imagem. <\/p>\n\n\n\n<p>Valores altos de ISO s\u00e3o usados em locais com pouca luz, porem isso faz com que a imagem fique cheia de ru\u00eddos.<\/p>\n\n\n\n<figure class=\"wp-block-image size-large\"><img loading=\"lazy\" decoding=\"async\" width=\"600\" height=\"300\" src=\"https:\/\/demonstre.com\/fotografia\/wp-content\/uploads\/2020\/08\/iso-exemplo.jpg\" alt=\"iso\" class=\"wp-image-243\" srcset=\"https:\/\/demonstre.com\/fotografia\/wp-content\/uploads\/2020\/08\/iso-exemplo.jpg 600w, https:\/\/demonstre.com\/fotografia\/wp-content\/uploads\/2020\/08\/iso-exemplo-300x150.jpg 300w\" sizes=\"(max-width: 600px) 100vw, 600px\" \/><\/figure>\n\n\n\n<h2 class=\"wp-block-heading\">Quantas defini\u00e7\u00f5es de ISO existem?<\/h2>\n\n\n\n<p>Alguns valores de ISO podem ser menores que 100, isso depende muito da c\u00e2mera, mas geralmente o n\u00famero m\u00ednimo de ISO em uma c\u00e2mera \u00e9 100. O valor m\u00e1ximo tamb\u00e9m vai depender do modelo de c\u00e2mera que voc\u00ea possui, uma Nikon DS4 possuir uma configura\u00e7\u00e3o de at\u00e9 ISO409600.<\/p>\n\n\n\n<figure class=\"wp-block-image size-large\"><img loading=\"lazy\" decoding=\"async\" width=\"512\" height=\"232\" src=\"https:\/\/demonstre.com\/fotografia\/wp-content\/uploads\/2020\/08\/unnamed.jpg\" alt=\"\" class=\"wp-image-244\" srcset=\"https:\/\/demonstre.com\/fotografia\/wp-content\/uploads\/2020\/08\/unnamed.jpg 512w, https:\/\/demonstre.com\/fotografia\/wp-content\/uploads\/2020\/08\/unnamed-300x136.jpg 300w\" sizes=\"(max-width: 512px) 100vw, 512px\" \/><\/figure>\n\n\n\n<h3 class=\"wp-block-heading\">Qual a rela\u00e7\u00e3o da sensibilidade de ISO com a exposi\u00e7\u00e3o da foto?<\/h3>\n\n\n\n<p>Uma foto possui 3 pilares; abertura do Diafragma, tempo de exposi\u00e7\u00e3o e sensibilidade de ISO. Estes est\u00e3o interligados entre si, alterando o valor de 1, tera que modificar o valor dos outros. <\/p>\n\n\n\n<p>Veja como a sensibilidade ISO pode afetar uma exposi\u00e7\u00e3o, nos exemplos a abertura do diafragma e a velocidade do obturador foram mantidas somente o ISO foi alterado para criar o efeito na compara\u00e7\u00e3o. <\/p>\n\n\n\n<figure class=\"wp-block-image size-large is-resized\"><img loading=\"lazy\" decoding=\"async\" src=\"https:\/\/demonstre.com\/fotografia\/wp-content\/uploads\/2020\/08\/Exemplos-ISO.jpg\" alt=\"\" class=\"wp-image-245\" width=\"558\" height=\"248\" srcset=\"https:\/\/demonstre.com\/fotografia\/wp-content\/uploads\/2020\/08\/Exemplos-ISO.jpg 400w, https:\/\/demonstre.com\/fotografia\/wp-content\/uploads\/2020\/08\/Exemplos-ISO-300x134.jpg 300w\" sizes=\"(max-width: 558px) 100vw, 558px\" \/><\/figure>\n\n\n\n<p>Assim como a abertura do diafragma e a velocidade do obturador,  a sensibilidade ISO tem outro efeito na foto que infelizmente \u00e9 um ponto negativo.  Este ponto se chama ruido. <\/p>\n\n\n\n<p>O ru\u00eddo de imagem deixa pequenos pontos de cores e ilumina\u00e7\u00e3o prejudicando a nitidez da imagem. Ja tirou uam foto no celular a noite e a imagem ficou cheia de pequenas manchas? isso se chama ruido.  Veja um exemplo:<\/p>\n\n\n\n<figure class=\"wp-block-image size-large is-resized\"><img loading=\"lazy\" decoding=\"async\" src=\"https:\/\/demonstre.com\/fotografia\/wp-content\/uploads\/2020\/08\/Urso-Exemplo.jpg\" alt=\"\" class=\"wp-image-246\" width=\"558\" height=\"372\" srcset=\"https:\/\/demonstre.com\/fotografia\/wp-content\/uploads\/2020\/08\/Urso-Exemplo.jpg 400w, https:\/\/demonstre.com\/fotografia\/wp-content\/uploads\/2020\/08\/Urso-Exemplo-300x200.jpg 300w\" sizes=\"(max-width: 558px) 100vw, 558px\" \/><\/figure>\n\n\n\n<p>Se for aplicado nesta \u00e1rea um zoom com diferentes sensibilidades de ISO a perda de cor e nitidez se torna clara por causa do ru\u00eddo causado.<\/p>\n\n\n\n<figure class=\"wp-block-image size-large\"><img loading=\"lazy\" decoding=\"async\" width=\"750\" height=\"334\" src=\"https:\/\/demonstre.com\/fotografia\/wp-content\/uploads\/2020\/08\/Exemplos-de-Ruido.jpg\" alt=\"\" class=\"wp-image-247\" srcset=\"https:\/\/demonstre.com\/fotografia\/wp-content\/uploads\/2020\/08\/Exemplos-de-Ruido.jpg 750w, https:\/\/demonstre.com\/fotografia\/wp-content\/uploads\/2020\/08\/Exemplos-de-Ruido-300x134.jpg 300w\" sizes=\"(max-width: 750px) 100vw, 750px\" \/><\/figure>\n\n\n\n<h2 class=\"wp-block-heading\">Porque as maquinas permitem o ISO alto se ele n\u00e3o pode ser usado?<\/h2>\n\n\n\n<p>N\u00e3o \u00e9 que seja proibido usar, a quest\u00e3o \u00e9 evitar. Existem situa\u00e7\u00f5es extremas em que \u00e9 melhor ter a foto com ru\u00eddo e n\u00edtida do que suavizada e sem foco.<\/p>\n\n\n\n<p>Al\u00e9m disso, dependendo do uso da imagem o ru\u00eddo passar\u00e1 despercebido. Podemos sitar como exemplo imagens impressas em grandes formatos, a imagem ser\u00e1 vista de longe por isso os ru\u00eddos n\u00e3o ser\u00e3o notados. <\/p>\n\n\n\n<p>Na fotografia de paisagem tamb\u00e9m existe uma vantagem em usar um ISO maior. Se por um acaso tenha esquecido o trip\u00e9, configure o diafragma conforme necess\u00e1rio, aumente o ISO da c\u00e2mera e fotografe com velocidades maiores para evitar fotos tremulas.<\/p>\n\n\n\n<p>Lembre-se o ISO n\u00e3o funciona sozinho por isso, tenha em mente os pilares da fotografia:<\/p>\n\n\n\n<ul><li>Abertura do Diafragma<\/li><li>Velocidade do obturador <\/li><li>Sensibilidade do ISO.<\/li><\/ul>\n\n\n\n<div class=\"wp-block-rank-math-faq-block\"><div class=\"rank-math-faq-item\"><h3 class=\"rank-math-question\">O que \u00e9 ISO e qual sua fun\u00e7\u00e3o?<\/h3><div class=\"rank-math-answer\">\u00a0A sigla\u00a0<strong>ISO<\/strong>\u00a0denomina a International Organization for Standardization, ou seja, Organiza\u00e7\u00e3o Internacional de Padroniza\u00e7\u00e3o. Em outras palavras, \u00e9 um meio de promover a normaliza\u00e7\u00e3o de produtos e servi\u00e7os, utilizando determinadas normas para que a qualidade seja melhorada<\/div><\/div><div class=\"rank-math-faq-item\"><h3 class=\"rank-math-question\">Qual o ISO ideal para fotos de dia?<\/h3><div class=\"rank-math-answer\">O normal \u00e9 o\u00a0<strong>ISO<\/strong>\u00a0100, mas voc\u00ea pode ajust\u00e1-lo conforme a necessidade da imagem que voc\u00ea quer capturar.<\/div><\/div><div class=\"rank-math-faq-item\"><h3 class=\"rank-math-question\">Como e quando usar o ISO?<\/h3><div class=\"rank-math-answer\">Na fotografia digital, o\u00a0<strong>ISO<\/strong>\u00a0mede a sensibilidade do sensor de imagem. Quanto menor o n\u00famero, menor \u00e9 a sensibilidade do sensor, por isso, ser\u00e1 necess\u00e1ria quantidade maior de luz para a foto. Ent\u00e3o, ao aumentar o\u00a0<strong>ISO<\/strong>\u00a0em um ambiente de pouca luz, essa quantidade necess\u00e1ria para uma foto clara diminui.<\/div><\/div><\/div>\n\n\n\n<p>Finalmente chegamos ao fim dos fatores em que a exposi\u00e7\u00e3o \u00e9 baseada.\u00a0Cada informa\u00e7\u00e3o que voc\u00ea leu aqui e assimilou vai lhe ser muito \u00fatil para criar <a href=\"https:\/\/demonstre.com\/fotografia\/\" class=\"rank-math-link\"> possibilidades.<\/a><\/p>\n","protected":false},"excerpt":{"rendered":"<p>A sensibilidade ISO na hora da foto pode te ajudar em momentos onde a luz \u00e9 fraca e voc\u00ea est\u00e1 pronto para lhe dar com ru\u00eddos na imagem. vamos aprender agora sobre o \u00faltimo dos fatores em que uma exposi\u00e7\u00e3o \u00e9 baseada. A sensibilidade ISO Sensibilidade ISO tamb\u00e9m \u00e9 chamado de velocidade ISO, \u00e9 a&hellip; <a class=\"more-link\" href=\"https:\/\/demonstre.com\/fotografia\/a-sensibilidade-iso\/\">Continuar lendo <span class=\"screen-reader-text\">A Sensibilidade ISO &#8211; Cap\u00edtulo 5<\/span><\/a><\/p>\n","protected":false},"author":2,"featured_media":1158,"comment_status":"open","ping_status":"open","sticky":false,"template":"","format":"standard","meta":{"footnotes":""},"categories":[1],"tags":[],"_links":{"self":[{"href":"https:\/\/demonstre.com\/fotografia\/wp-json\/wp\/v2\/posts\/242"}],"collection":[{"href":"https:\/\/demonstre.com\/fotografia\/wp-json\/wp\/v2\/posts"}],"about":[{"href":"https:\/\/demonstre.com\/fotografia\/wp-json\/wp\/v2\/types\/post"}],"author":[{"embeddable":true,"href":"https:\/\/demonstre.com\/fotografia\/wp-json\/wp\/v2\/users\/2"}],"replies":[{"embeddable":true,"href":"https:\/\/demonstre.com\/fotografia\/wp-json\/wp\/v2\/comments?post=242"}],"version-history":[{"count":1,"href":"https:\/\/demonstre.com\/fotografia\/wp-json\/wp\/v2\/posts\/242\/revisions"}],"predecessor-version":[{"id":248,"href":"https:\/\/demonstre.com\/fotografia\/wp-json\/wp\/v2\/posts\/242\/revisions\/248"}],"wp:featuredmedia":[{"embeddable":true,"href":"https:\/\/demonstre.com\/fotografia\/wp-json\/wp\/v2\/media\/1158"}],"wp:attachment":[{"href":"https:\/\/demonstre.com\/fotografia\/wp-json\/wp\/v2\/media?parent=242"}],"wp:term":[{"taxonomy":"category","embeddable":true,"href":"https:\/\/demonstre.com\/fotografia\/wp-json\/wp\/v2\/categories?post=242"},{"taxonomy":"post_tag","embeddable":true,"href":"https:\/\/demonstre.com\/fotografia\/wp-json\/wp\/v2\/tags?post=242"}],"curies":[{"name":"wp","href":"https:\/\/api.w.org\/{rel}","templated":true}]}}