{"id":6449,"date":"2020-08-26T17:07:00","date_gmt":"2020-08-26T20:07:00","guid":{"rendered":"https:\/\/demonstre.com\/jardim\/?p=6449"},"modified":"2020-10-03T16:26:10","modified_gmt":"2020-10-03T19:26:10","slug":"manaca-da-serra","status":"publish","type":"post","link":"https:\/\/demonstre.com\/jardim\/manaca-da-serra\/","title":{"rendered":"Planta Manac\u00e1-da-serra"},"content":{"rendered":"\n<p>A planta manac\u00e1-da-serra \u00e9 conhecida tamb\u00e9m por &#8220;\u00e1rvore que d\u00e1 flor de tr\u00eas cores&#8221;, isso porque ela tem flores de tr\u00eas cores: As flores nascem brancas, depois ficam num tom rosado e morrem roxas, essa varia\u00e7\u00e3o de cores \u00e9 em somente um galho, por isso chama tanto a aten\u00e7\u00e3o.<\/p>\n\n\n\n<p> \u00c9 uma planta de pequeno a m\u00e9dio porte e por ser t\u00e3o bonita \u00e9 muito dif\u00edcil algu\u00e9m passar por ela sem notar. Quando s\u00e3o colocadas em jardins, d\u00e3o um enorme destaque e deixam-o com um ar mais bonito e agrad\u00e1vel, todos quando a notam, se encantam.<\/p>\n\n\n\n<figure class=\"wp-block-image size-large\"><img loading=\"lazy\" decoding=\"async\" width=\"1024\" height=\"768\" title=\"Planta manac\u00e1-da-serra\" src=\"https:\/\/demonstre.com\/jardim\/wp-content\/uploads\/2020\/08\/2300956282_7a5ce30236_b.jpg\" alt=\"Manac\u00e1-da-serra\" class=\"wp-image-6481\" srcset=\"https:\/\/demonstre.com\/jardim\/wp-content\/uploads\/2020\/08\/2300956282_7a5ce30236_b.jpg 1024w, https:\/\/demonstre.com\/jardim\/wp-content\/uploads\/2020\/08\/2300956282_7a5ce30236_b-300x225.jpg 300w, https:\/\/demonstre.com\/jardim\/wp-content\/uploads\/2020\/08\/2300956282_7a5ce30236_b-768x576.jpg 768w, https:\/\/demonstre.com\/jardim\/wp-content\/uploads\/2020\/08\/2300956282_7a5ce30236_b-100x75.jpg 100w, https:\/\/demonstre.com\/jardim\/wp-content\/uploads\/2020\/08\/2300956282_7a5ce30236_b-600x450.jpg 600w\" sizes=\"(max-width: 1024px) 100vw, 1024px\" \/><figcaption>Manac\u00e1-da-serra<\/figcaption><\/figure>\n\n\n\n<h2 class=\"has-text-align-center wp-block-heading\">Como cultivar a manac\u00e1-da-serra?<\/h2>\n\n\n\n<p>\u00c9 uma planta que gosta de&nbsp;sol pleno&nbsp;e tamb\u00e9m de uma parte de&nbsp;terra vegetal, uma parte de&nbsp;composto org\u00e2nico&nbsp;e uma partes de&nbsp;areia, de prefer\u00eancia ligeiramente \u00e1cido, para ficar mais pr\u00f3ximo do solo das&nbsp;encostas&nbsp;e&nbsp;restingas&nbsp;de onde ela \u00e9 nativa. Outro cuidado muito essencial para que ela cres\u00e7a e se mantenha bem bonita \u00e9 regar com frequ\u00eancia, principalmente nas \u00e9pocas do ano em que as temperaturas s\u00e3o mais altas.<\/p>\n\n\n\n<p>No caso de ser plantada em vaso, o cuidado deve ser maior. A frequ\u00eancia de rega deve ser aumentada, principalmente quando a planta estiver mais desenvolvida. A aduba\u00e7\u00e3o segue o mesmo princ\u00edpio da rega, quanto maior a planta, maior a freq\u00fc\u00eancia. O recomendado \u00e9 que a aduba\u00e7\u00e3o aconte\u00e7a a cada 15 dias conforme a dosagem do fabricante. Um fator que nem todo mundo sabe, \u00e9 que \u00e9 importante escolher o adubo  com N-P-K, pois possui muito mais micronutrientes.<\/p>\n\n\n\n<h2 class=\"has-text-align-center wp-block-heading\">Como a manac\u00e1-da-serra floresce?<\/h2>\n\n\n\n<p>Ela floresce entre os meses&nbsp;de novembro a fevereiro, no m\u00eas de mar\u00e7o surgem pequenos&nbsp;frutos duros, parecidos com&nbsp;coquinhos, que portam sementes finas como gr\u00e3os de areia. A&nbsp;germina\u00e7\u00e3o atrav\u00e9s de sementes \u00e9 mais complicada, ent\u00e3o para ter mais praticidade prefira a propaga\u00e7\u00e3o por&nbsp;estacas&nbsp;ou compre logo uma&nbsp;muda, que \u00e9 muito f\u00e1cil de ser encontrada em casas de jardinagem.<\/p>\n\n\n\n<h2 class=\"has-text-align-center wp-block-heading\">Curiosidades sobre a manac\u00e1-da-serra:<\/h2>\n\n\n\n<p>&nbsp;Manac\u00e1 da Serra \u00e9 uma das<a class=\"rank-math-link\" href=\"https:\/\/br.pinterest.com\/RoseleBLavanda\/manac%C3%A1-da-serra\/\" target=\"_blank\" rel=\"noopener\"> plantas<\/a> mais comercializadas no Brasil, isso porque al\u00e9m de ser linda e ser a \u00fanica de sua esp\u00e9cie a ter flores de tr\u00eas cores (branca, azul e roxa), ela tem um tamanho \u00f3timo para ser colocada em v\u00e1rios lugares e \u00e9 muito f\u00e1cil de ser encontrada. Ela tamb\u00e9m \u00e9 &nbsp;f\u00e1cil de cuidar, por isso ningu\u00e9m tem medo de lev\u00e1-la para casa e ela morrer depois, que nem acontece com outras plantinhas que exigem um cuidado mais dedicado.<\/p>\n\n\n\n<div class=\"wp-block-image\"><figure class=\"aligncenter size-large\"><img loading=\"lazy\" decoding=\"async\" width=\"1024\" height=\"768\" title=\"Planta manac\u00e1-da-serra\" src=\"https:\/\/demonstre.com\/jardim\/wp-content\/uploads\/2020\/08\/3134758931_09b100af19_b.jpg\" alt=\"Planta manac\u00e1-da-serra\" class=\"wp-image-6482\" srcset=\"https:\/\/demonstre.com\/jardim\/wp-content\/uploads\/2020\/08\/3134758931_09b100af19_b.jpg 1024w, https:\/\/demonstre.com\/jardim\/wp-content\/uploads\/2020\/08\/3134758931_09b100af19_b-300x225.jpg 300w, https:\/\/demonstre.com\/jardim\/wp-content\/uploads\/2020\/08\/3134758931_09b100af19_b-768x576.jpg 768w, https:\/\/demonstre.com\/jardim\/wp-content\/uploads\/2020\/08\/3134758931_09b100af19_b-100x75.jpg 100w, https:\/\/demonstre.com\/jardim\/wp-content\/uploads\/2020\/08\/3134758931_09b100af19_b-600x450.jpg 600w\" sizes=\"(max-width: 1024px) 100vw, 1024px\" \/><figcaption>Manac\u00e1-da-serra<\/figcaption><\/figure><\/div>\n\n\n\n<p>O Manac\u00e1 da Serra \u00e9 muito usado em projetos paisag\u00edsticos residenciais e urbanos, isso porque suas ra\u00edzes n\u00e3o s\u00e3o agressivas, o que permite o seu plantio em&nbsp;jardins, vasos, pra\u00e7as e cal\u00e7adas. Ou seja, ela fica bonita e se adapta em todos os cantos.<\/p>\n\n\n\n<p>O&nbsp;Manac\u00e1-da-serra&nbsp;(Tibouchina mutabilis) \u00e9 uma \u00e1rvore origin\u00e1ria do Brasil, \u00e9 uma Angiosperma e pertence \u00e0 fam\u00edlia Melastomataceae, ao g\u00eanero da quaresmeira (Tibouchina granulosa) e da orelha-de-on\u00e7a (Tibouchina holosericea).<\/p>\n\n\n\n<p> Essa \u00e1rvore muito presente na vida dos brasileiros \u00e9&nbsp;pioneira&nbsp;da&nbsp;Mata Atl\u00e2ntica&nbsp;brasileira, muito caracter\u00edstica da encosta \u00famida da&nbsp;Serra do Mar e da&nbsp;floresta atl\u00e2ntica dos estados do&nbsp;Paran\u00e1,&nbsp;Rio de Janeiro,&nbsp;Santa Catarina&nbsp;e&nbsp;S\u00e3o Paulo. Ocorre muito dela est\u00e1 presente em&nbsp;matas secund\u00e1rias, onde chega a ser a esp\u00e9cie dominante. Outro lugar que \u00e9 poss\u00edvel encontr\u00e1-la s\u00e3o em&nbsp;restingas&nbsp;em todo o litoral de S\u00e3o Paulo, e na floresta ombr\u00f3fila de sudeste do mesmo estado.<\/p>\n\n\n\n<div class=\"wp-block-image\"><figure class=\"aligncenter size-large\"><img loading=\"lazy\" decoding=\"async\" width=\"1024\" height=\"768\" title=\"Planta manac\u00e1-da-serra\" src=\"https:\/\/demonstre.com\/jardim\/wp-content\/uploads\/2020\/08\/3287292137_7e00b73dd8_b.jpg\" alt=\"Planta manac\u00e1-da-serra\" class=\"wp-image-6483\" srcset=\"https:\/\/demonstre.com\/jardim\/wp-content\/uploads\/2020\/08\/3287292137_7e00b73dd8_b.jpg 1024w, https:\/\/demonstre.com\/jardim\/wp-content\/uploads\/2020\/08\/3287292137_7e00b73dd8_b-300x225.jpg 300w, https:\/\/demonstre.com\/jardim\/wp-content\/uploads\/2020\/08\/3287292137_7e00b73dd8_b-768x576.jpg 768w, https:\/\/demonstre.com\/jardim\/wp-content\/uploads\/2020\/08\/3287292137_7e00b73dd8_b-100x75.jpg 100w, https:\/\/demonstre.com\/jardim\/wp-content\/uploads\/2020\/08\/3287292137_7e00b73dd8_b-600x450.jpg 600w\" sizes=\"(max-width: 1024px) 100vw, 1024px\" \/><figcaption>Manac\u00e1-da-serra<\/figcaption><\/figure><\/div>\n\n\n\n<h2 class=\"has-text-align-center wp-block-heading\">Por que ter um manac\u00e1-da-serra em sua vida?<\/h2>\n\n\n\n<p>. Na cal\u00e7ada, o manac\u00e1-da-serra deixa a rua mais colorida de uma forma especial e traz um visual \u00fanico para a sua fachada. Se forem plantadas v\u00e1rias delas juntas, o rosa intenso vai iluminar a paisagem, deixando um ambiente bem alegre ou embelezando mais ainda seu quintal. Mesmo estando perto de outras esp\u00e9cies de flores, isso n\u00e3o a &#8220;apaga&#8221;, pelo contr\u00e1rio, deixa tudo ainda mais bonito.<\/p>\n\n\n\n<p>Os brotinhos tamb\u00e9m tem seu charme particular, tudo nessa planta \u00e9 de se apreciar. Se o seu jardim for pequeno ainda n\u00e3o \u00e9 desculpa para n\u00e3o t\u00ea-la em sua casa, pois existe o manac\u00e1-da-serra an\u00e3o.<\/p>\n\n\n<div id=\"rank-math-faq\" class=\"rank-math-block\">\n<div class=\"rank-math-list \">\n<div id=\"faq-question-1597887774368\" class=\"rank-math-list-item\">\n<h3 class=\"rank-math-question \">Por quais outros nomes o manac\u00e1-da-serra \u00e9 conhecido?<\/h3>\n<div class=\"rank-math-answer \">\n\n<p> O Manac\u00e1 da Serra tamb\u00e9m \u00e9 conhecido pelos nomes de Cuiper\u00fana, Jacatir\u00e3o e Manac\u00e1-da-Serra-An\u00e3o.\u00a0<\/p>\n\n<\/div>\n<\/div>\n<div id=\"faq-question-1597887842225\" class=\"rank-math-list-item\">\n<h3 class=\"rank-math-question \">Por que algumas vezes as folhas das plantas ficam amareladas ?<\/h3>\n<div class=\"rank-math-answer \">\n\n<p>Isso significa que elas est\u00e3o doentes e pode ser por v\u00e1rios fatores, entre eles: defici\u00eancia de nutrientes, ataques de pragas, rega em excesso,\u00a0falta de \u00e1gua, problemas de insola\u00e7\u00e3o&#8230;<\/p>\n\n<\/div>\n<\/div>\n<div id=\"faq-question-1597887843766\" class=\"rank-math-list-item\">\n<h3 class=\"rank-math-question \">Como podar a manac\u00e1-da-serra da melhor maneira?<\/h3>\n<div class=\"rank-math-answer \">\n\n<p>A manac\u00e1-da-serra pode ser podada para deixar na altura que a pessoa preferir. O recomendado \u00e9 fazer a poda sempre ap\u00f3s a flora\u00e7\u00e3o e deixar sempre algumas folhas para a \u00e1rvore continuar sobrevivendo, para ter uma melhor experi\u00eancia use uma tesoura bem afiada e em seguida utilize calda bordalesa para a cicatriza\u00e7\u00e3o e para evitar a propaga\u00e7\u00e3o de fungos.<\/p>\n\n<\/div>\n<\/div>\n<div id=\"faq-question-1597889619561\" class=\"rank-math-list-item\">\n<h3 class=\"rank-math-question \">Qual o maior tamanho que a manac\u00e1-da-serra pode atingir?<\/h3>\n<div class=\"rank-math-answer \">\n\n<p>Apesar de ser uma \u00e1rvore de pequeno e m\u00e9dio porte, ela consegue atingir at\u00e9 12 metros de altura e o\u00a0di\u00e2metro\u00a0de seu\u00a0tronco, 30 cent\u00edmetros.<\/p>\n\n<\/div>\n<\/div>\n<\/div>\n<\/div>\n\n\n<p>Se gostou de nosso conte\u00fado sobre os cuidados e curiosidades dessa bela planta ornamental, continue em nosso site e veja mais posts para te ajudar a manter seu jardim cada vez mais bonito.<a class=\"rank-math-link\" href=\"https:\/\/demonstre.com\/jardim\/\"> Clique aqui<\/a><\/p>\n","protected":false},"excerpt":{"rendered":"<p>Planta Manac\u00e1-da-serra \u00e9 \u00f3tima por precisar de pouco cuidado.<\/p>\n","protected":false},"author":4,"featured_media":6480,"comment_status":"open","ping_status":"open","sticky":false,"template":"","format":"standard","meta":{"footnotes":""},"categories":[50,53,2],"tags":[],"_links":{"self":[{"href":"https:\/\/demonstre.com\/jardim\/wp-json\/wp\/v2\/posts\/6449"}],"collection":[{"href":"https:\/\/demonstre.com\/jardim\/wp-json\/wp\/v2\/posts"}],"about":[{"href":"https:\/\/demonstre.com\/jardim\/wp-json\/wp\/v2\/types\/post"}],"author":[{"embeddable":true,"href":"https:\/\/demonstre.com\/jardim\/wp-json\/wp\/v2\/users\/4"}],"replies":[{"embeddable":true,"href":"https:\/\/demonstre.com\/jardim\/wp-json\/wp\/v2\/comments?post=6449"}],"version-history":[{"count":34,"href":"https:\/\/demonstre.com\/jardim\/wp-json\/wp\/v2\/posts\/6449\/revisions"}],"predecessor-version":[{"id":7164,"href":"https:\/\/demonstre.com\/jardim\/wp-json\/wp\/v2\/posts\/6449\/revisions\/7164"}],"wp:featuredmedia":[{"embeddable":true,"href":"https:\/\/demonstre.com\/jardim\/wp-json\/wp\/v2\/media\/6480"}],"wp:attachment":[{"href":"https:\/\/demonstre.com\/jardim\/wp-json\/wp\/v2\/media?parent=6449"}],"wp:term":[{"taxonomy":"category","embeddable":true,"href":"https:\/\/demonstre.com\/jardim\/wp-json\/wp\/v2\/categories?post=6449"},{"taxonomy":"post_tag","embeddable":true,"href":"https:\/\/demonstre.com\/jardim\/wp-json\/wp\/v2\/tags?post=6449"}],"curies":[{"name":"wp","href":"https:\/\/api.w.org\/{rel}","templated":true}]}}